{"id":2458,"date":"2025-06-09T12:17:35","date_gmt":"2025-06-09T10:17:35","guid":{"rendered":"https:\/\/www.naeco.bzh\/?p=2458"},"modified":"2026-04-17T08:46:43","modified_gmt":"2026-04-17T06:46:43","slug":"summer-camps-and-adapted-stays-in-south-brittany","status":"publish","type":"post","link":"https:\/\/www.naeco.bzh\/en\/summer-camps-and-adapted-stays-in-south-brittany\/","title":{"rendered":"Summer camps and adapted holidays in South Brittany"},"content":{"rendered":"<p><strong>Organize a group stay in the heart of Brittany's nature! Na\u00e9co Hostels offers eco-responsible, inclusive and friendly accommodation, perfect for summer camps, adapted stays, school outings...<\/strong><\/p>\n\n\n\n<h2 class=\"wp-block-heading\">What is Na\u00e9co Hostels?<\/h2>\n\n\n\n<p><a href=\"https:\/\/www.naeco.bzh\/en\/\">Na\u00e9co<\/a>contraction of&nbsp;<em>Nature<\/em>&nbsp;and&nbsp;<em>Eco-responsibility<\/em>Na\u00e9co Hostels is a concept of tourist and collective accommodation in Southern Brittany that places people and nature at the heart of its project. Located in Erdeven, Audierne and Le Pouldu, Na\u00e9co Hostels welcomes&nbsp;<a href=\"https:\/\/www.naeco.bzh\/fr\/hotels-morbihan.html\">school groups<\/a>and&nbsp;<strong>vacation camps<\/strong>and&nbsp;<strong>adapted stays<\/strong>But also hikers, families and companies, in a spirit of simplicity, sharing and ecological commitment.<\/p>\n\n\n\n<p>At Na\u00e9co Hostels, each site is designed to encourage encounters, immersion in nature and happy sobriety:\u00a0<a href=\"https:\/\/www.naeco.bzh\/en\/sleep\/\">dormitories or rooms<\/a>These include shared kitchens, warm common spaces, gardens, vegetable gardens and relaxation areas.<\/p>\n\n\n\n<p>L'<a href=\"https:\/\/www.naeco.bzh\/fr\/association-naeco-responsable-hotels-en-bretagne.html\">association Na\u00e9co<\/a>&nbsp;takes a responsible approach, selecting local partners, sustainable management, respect for biodiversity and involvement in social and community projects.<\/p>\n\n\n\n<h2 class=\"wp-block-heading\">Why choose Na\u00e9co for a summer camp in Brittany or an adapted holiday in Morbihan?<\/h2>\n\n\n\n<p>Na\u00e9co is the ideal partner for organizing a&nbsp;<strong>summer camp in Brittany<\/strong>&nbsp;or a&nbsp;<strong>adapted holiday in Morbihan<\/strong>&nbsp;or Finist\u00e8re. The establishments are designed to accommodate groups with :<\/p>\n\n\n\n<ul class=\"wp-block-list\">\n<li>From&nbsp;<strong>modular accommodation<\/strong>&nbsp;and accessible (PMR),<\/li>\n\n\n\n<li>From\u00a0<a href=\"https:\/\/www.naeco.bzh\/en\/living-spaces\/\">friendly, safe spaces<\/a>,<\/li>\n\n\n\n<li>A&nbsp;<strong>shared kitchen<\/strong>&nbsp;for free management of meals or&nbsp;<strong>half-board formula<\/strong>&nbsp;with local partners (such as&nbsp;<em>La Casa Ria<\/em>&nbsp;in Erdeven),<\/li>\n\n\n\n<li>From&nbsp;<a href=\"https:\/\/www.naeco.bzh\/fr\/blog-naeco\/i\/blog\/vos-randonnees-chez-naeco-hostels-decouvrez-nos-roadbooks.html\">hiking roadbooks<\/a>&nbsp;to explore the surrounding area on your own,<\/li>\n<\/ul>\n\n\n\n<p>Na\u00e9co adds value to&nbsp;<strong>inclusive educational stay<\/strong>where everyone can develop at their own pace.<\/p>\n\n\n\n<h3 class=\"wp-block-heading\">Erdeven: between ocean, dunes and megaliths in Morbihan<\/h3>\n\n\n\n<p>Located just a stone's throw from the beaches of Kerhillio and the dunes, Na\u00e9co Erdeven is ideal for a relaxing break.&nbsp;<strong>summer camp in South Brittany<\/strong>&nbsp;focused on sport, discovery and environmental awareness.<\/p>\n\n\n\n<p>Possible activities around Na\u00e9co Erdeven :<\/p>\n\n\n\n<ul class=\"wp-block-list\">\n<li>Nature games and big games in the accommodation's large garden (with playground, vegetable garden, beehives and henhouse),<\/li>\n\n\n\n<li>Hikes on marked trails, guided by Na\u00e9co roadbooks,<\/li>\n\n\n\n<li>Visit the&nbsp;<a href=\"https:\/\/www.baiedequiberon.bzh\/decouvrez-les-megalithes-d-erdeven\" target=\"_blank\" rel=\"noreferrer noopener nofollow\">Kerzerho alignments<\/a>&nbsp;(an extension of the Carnac megaliths),<\/li>\n\n\n\n<li>Beach outings, supervised swimming or beach games at Kerhillio,<\/li>\n\n\n\n<li>Sand yachting, surfing or paddleboarding with local water sports schools,<\/li>\n\n\n\n<li>Discover the Ria d'\u00c9tel, go boating or birdwatching,<\/li>\n\n\n\n<li>Zero waste workshop, compost awareness, sorting, land art or insect observation.<\/li>\n<\/ul>\n\n\n\n<p>Groups can cook on site or opt for half-board with partner restaurant La Casa Ria, which offers home-cooked, balanced, local meals perfectly suited to children and supervisors.<\/p>\n\n\n\n<h3 class=\"wp-block-heading\">Audierne: marine immersion and cultural heritage in South Finist\u00e8re<\/h3>\n\n\n\n<p>Just a few metres from the harbour, Na\u00e9co Audierne is an ideal base for an unforgettable holiday.&nbsp;<strong>summer camp in Brittany<\/strong>&nbsp;or a&nbsp;<strong>inclusive educational stay<\/strong>&nbsp;focused on the sea, fishing and Breton culture.<\/p>\n\n\n\n<p>Activities to do in a camp around Na\u00e9co Audierne :<\/p>\n\n\n\n<ul class=\"wp-block-list\">\n<li>Stroll along the GR34, cliffs and wild coves,<\/li>\n\n\n\n<li>Fishing on foot, discovering the tides and marine fauna,<\/li>\n\n\n\n<li>Kayak or paddle trips in Audierne harbor,<\/li>\n\n\n\n<li>Visit the Port-Mus\u00e9e in Douarnenez or the Cit\u00e9 de la p\u00eache in \u00c9tel,<\/li>\n\n\n\n<li>Day on<a href=\"https:\/\/pennarbed.breizhgo.bzh\/iles-bretonnes\/ile-de-sein\/\" target=\"_blank\" rel=\"noreferrer noopener nofollow\">Sein island<\/a>&nbsp;departing from Sainte-\u00c9vette,<\/li>\n\n\n\n<li>Creative workshops with pebbles, shells or natural elements,<\/li>\n\n\n\n<li>Breton storytelling evenings.<\/li>\n<\/ul>\n\n\n\n<p>Accommodation in Audierne features warm, shared spaces, an outdoor courtyard, and rooms arranged to promote quiet time and safety.<\/p>\n\n\n\n<h3 class=\"wp-block-heading\">Le Pouldu: between peaceful beaches and magical forest in South Finist\u00e8re<\/h3>\n\n\n\n<p>Na\u00e9co Le Pouldu, in the commune of Clohars-Carno\u00ebt, is the perfect natural cocoon for groups looking for calm, gentle activities and artistic exploration.<\/p>\n\n\n\n<p>Activities around Na\u00e9co Le Pouldu :<\/p>\n\n\n\n<ul class=\"wp-block-list\">\n<li>Sensory walks in the Toulfo\u00ebn forest,<\/li>\n\n\n\n<li>Exploration games on the beaches of Bas Pouldu and Bellangen\u00eat,<\/li>\n\n\n\n<li>Land art or natural fresco workshop,<\/li>\n\n\n\n<li>Visit the Maison-Mus\u00e9e Gauguin, for an inspiring art project,<\/li>\n\n\n\n<li>Mini-hikes on the&nbsp;<a href=\"https:\/\/www.mongr.fr\/trouver-prochaine-randonnee\/itineraire\/gr-34-le-plus-maritime-des-sentiers-de-grande-randonnee\" target=\"_blank\" rel=\"noreferrer noopener nofollow\">GR34 trail<\/a>&nbsp;to observe the local wildlife,<\/li>\n\n\n\n<li>Storytelling, outdoor yoga or guided meditation for adapted stays<\/li>\n<\/ul>\n\n\n\n<p>Le Pouldu is ideal for IMEs, breakaways or small groups wishing to enjoy a peaceful, friendly environment on a human scale.<\/p>\n\n\n\n<h2 class=\"wp-block-heading\">Inclusive and responsible educational stays: Na\u00e9co's DNA<\/h2>\n\n\n\n<p>Na\u00e9co embarks on a&nbsp;<strong>an inclusive, eco-responsible approach<\/strong>&nbsp;:<\/p>\n\n\n\n<ul class=\"wp-block-list\">\n<li>Welcomes groups with disabilities (motor, sensory, mental),<\/li>\n\n\n\n<li>Respect for each person's rhythm, with adapted spaces and attentive staff,<\/li>\n\n\n\n<li>Educational, gentle or sporting activities to suit all levels,<\/li>\n\n\n\n<li><a href=\"https:\/\/www.naeco.bzh\/fr\/blog-naeco\/i\/blog\/decouvrez-nos-engagements-et-notre-charte-naeco-responsables.html\">Environmental approach<\/a>&nbsp;compost, alternative energies, local partnerships.<\/li>\n<\/ul>\n\n\n\n<p>When you choose Na\u00e9co, you guarantee&nbsp;<strong>adapted holiday in Morbihan<\/strong>&nbsp;or Finist\u00e8re, designed for the well-being of all, in an exceptional natural setting.<\/p>\n\n\n\n<h3 class=\"wp-block-heading\">Na\u00e9co, the ideal solution for inclusive educational stays in Brittany<\/h3>\n\n\n\n<p>Na\u00e9co offers a unique&nbsp;<strong>accommodation group Bretagne Sud<\/strong>through its sites in Erdeven, Audierne and Le Pouldu. Each offers a safe natural environment, a variety of outdoor activities, strong values and flexible logistics to meet the needs of our customers.&nbsp;<strong>vacation camps in Brittany<\/strong>&nbsp;and&nbsp;<strong>adapted stays in South Finist\u00e8re<\/strong>.<\/p>\n\n\n\n<p>The Na\u00e9co teams can help you build a customized project that combines education, fun and nature.<\/p>\n\n\n\n<p><strong>Would you like to plan your trip?<\/strong><\/p>\n\n\n\n<p>Contact Na\u00e9co Hostels<\/p>\n\n\n\n<p>South Brittany welcomes you for a successful adapted holiday or summer camp!<\/p>","protected":false},"excerpt":{"rendered":"<p>Organize a group stay in the heart of Brittany's nature! Na\u00e9co Hostels offers eco-responsible, inclusive and friendly accommodation, perfect for summer camps, adapted stays, school outings...<\/p>","protected":false},"author":9,"featured_media":2463,"comment_status":"closed","ping_status":"closed","sticky":false,"template":"","format":"standard","meta":{"inline_featured_image":false,"footnotes":""},"categories":[9],"tags":[],"class_list":["post-2458","post","type-post","status-publish","format-standard","has-post-thumbnail","hentry","category-blog"],"_links":{"self":[{"href":"https:\/\/www.naeco.bzh\/en\/wp-json\/wp\/v2\/posts\/2458","targetHints":{"allow":["GET"]}}],"collection":[{"href":"https:\/\/www.naeco.bzh\/en\/wp-json\/wp\/v2\/posts"}],"about":[{"href":"https:\/\/www.naeco.bzh\/en\/wp-json\/wp\/v2\/types\/post"}],"author":[{"embeddable":true,"href":"https:\/\/www.naeco.bzh\/en\/wp-json\/wp\/v2\/users\/9"}],"replies":[{"embeddable":true,"href":"https:\/\/www.naeco.bzh\/en\/wp-json\/wp\/v2\/comments?post=2458"}],"version-history":[{"count":3,"href":"https:\/\/www.naeco.bzh\/en\/wp-json\/wp\/v2\/posts\/2458\/revisions"}],"predecessor-version":[{"id":5226,"href":"https:\/\/www.naeco.bzh\/en\/wp-json\/wp\/v2\/posts\/2458\/revisions\/5226"}],"wp:featuredmedia":[{"embeddable":true,"href":"https:\/\/www.naeco.bzh\/en\/wp-json\/wp\/v2\/media\/2463"}],"wp:attachment":[{"href":"https:\/\/www.naeco.bzh\/en\/wp-json\/wp\/v2\/media?parent=2458"}],"wp:term":[{"taxonomy":"category","embeddable":true,"href":"https:\/\/www.naeco.bzh\/en\/wp-json\/wp\/v2\/categories?post=2458"},{"taxonomy":"post_tag","embeddable":true,"href":"https:\/\/www.naeco.bzh\/en\/wp-json\/wp\/v2\/tags?post=2458"}],"curies":[{"name":"wp","href":"https:\/\/api.w.org\/{rel}","templated":true}]}}