{"id":2756,"date":"2025-10-17T16:00:27","date_gmt":"2025-10-17T14:00:27","guid":{"rendered":"https:\/\/www.naeco.bzh\/?p=2756"},"modified":"2026-04-17T07:10:00","modified_gmt":"2026-04-17T05:10:00","slug":"eure-surfcamps-im-finistere","status":"publish","type":"post","link":"https:\/\/www.naeco.bzh\/de\/eure-surfcamps-im-finistere\/","title":{"rendered":"Ihre Surfcamps im Finist\u00e8re"},"content":{"rendered":"<h2 class=\"wp-block-heading\">Na\u00e9co Hostels empf\u00e4ngt Sie f\u00fcr Ihren Surfurlaub zwischen Natur und Ozean.<\/h2>\n\n\n\n<p>Die Einrichtungen&nbsp;<a href=\"https:\/\/www.naeco.bzh\/fr\/hotel-camping-audierne.html\"><strong>Na\u00e9co Audierne<\/strong><\/a>&nbsp;und&nbsp;<a href=\"https:\/\/www.naeco.bzh\/fr\/hotel-le-pouldu.html\"><strong>Na\u00e9co Le Pouldu<\/strong><\/a>&nbsp;befinden sich neben den sch\u00f6nsten&nbsp;<strong>Surfspots<\/strong>&nbsp;des Finist\u00e8re.&nbsp;<strong><a href=\"https:\/\/www.surf-report.com\/reports\/la-torche-s1040.html\" rel=\"nofollow noopener\" target=\"_blank\">Die Fackel<\/a><\/strong>,&nbsp;<a href=\"https:\/\/www.surf-report.com\/surf-info\/baie-trepasses-s996.html\" rel=\"nofollow noopener\" target=\"_blank\"><strong>Die Bucht von Tr\u00e9pass\u00e9<\/strong>es<\/a>,&nbsp;<strong><a href=\"https:\/\/www.surf-report.com\/meteo-surf\/penhors-plage-s1158.html\" rel=\"nofollow noopener\" target=\"_blank\">Penhors<\/a>,&nbsp;<\/strong>oder die<strong>&nbsp;<a href=\"https:\/\/fr.surf-forecast.com\/breaks\/Lekerou\" rel=\"nofollow noopener\" target=\"_blank\">Strand von K\u00e9rou<\/a>&nbsp;<\/strong>werden Ihre neuen Spielpl\u00e4tze sein!<\/p>\n\n\n\n<p>In direkter Verbindung mit den\u00a0<strong><a href=\"https:\/\/www.naeco.bzh\/de\/partner-labels\/\">Akteure <\/a><a href=\"https:\/\/www.naeco.bzh\/fr\/partenaires.html\">R\u00e4umlichkeiten<\/a><\/strong>\u00a0des Surfens, wir begleiten dich bei der Buchung deiner Surfausr\u00fcstung oder auch deiner Kurse und deiner\u00a0<strong>Surfkurse im Finist\u00e8re<\/strong>.<\/p>\n\n\n\n<p>Au\u00dferhalb Ihrer\u00a0<strong>Surfsessions in der Bretagne<\/strong>, Sie k\u00f6nnen die nat\u00fcrliche Umgebung in Ihrem eigenen Tempo genie\u00dfen.<strong>\u00a0<\/strong>in unseren Surfcamps, die zwischen Land und Meer liegen, und praktizieren verschiedene andere\u00a0<a href=\"https:\/\/www.naeco.bzh\/de\/ihr-sportlicher-aufenthalt-in-der-sudlichen-bretagne\/\"><strong>Sportaktivit\u00e4ten<\/strong><\/a>.<\/p>\n\n\n\n<p>Die<strong>&nbsp;Ferienwohnungen Na\u00e9co Hostels<\/strong>&nbsp;verf\u00fcgen \u00fcber gesellige Gemeinschaftsr\u00e4ume, verschiedene Entspannungsbereiche wie unsere komfortablen Lounges oder unsere Leseecken sowie \u00fcber R\u00e4ume, in denen Sie Ihre Ausr\u00fcstung und Surfbretter aufbewahren k\u00f6nnen.<\/p>\n\n\n\n<h2 class=\"wp-block-heading\">Buchen Sie Ihren Surfkurs in der S\u00fcdbretagne<\/h2>\n\n\n\n<p>In Audierne wie in Le Pouldu sind die&nbsp;<strong>Surfschulen in der Bretagne<\/strong>&nbsp;sind von Mitte M\u00e4rz bis Mitte November ge\u00f6ffnet. Sie bieten&nbsp;<strong>Surfkurs<\/strong>&nbsp;f\u00fcr Anf\u00e4nger, die diese Aktivit\u00e4t entdecken m\u00f6chten, oder auch f\u00fcr Fortgeschrittene, die sich weiterbilden m\u00f6chten.<\/p>\n\n\n\n<p>L'<a href=\"http:\/\/www.esb-audierne.com\/\" rel=\"nofollow noopener\" target=\"_blank\"><strong>ESB Audierne<\/strong><\/a>&nbsp;und die\u2019<strong><a href=\"https:\/\/esbclohars.wixsite.com\/coursdesurfbretagne\" rel=\"nofollow noopener\" target=\"_blank\">ESB Kloar<\/a><\/strong>&nbsp;arbeiten haupts\u00e4chlich mit w\u00f6chentlichen Kursen oder mit Angeboten von drei Sitzungen w\u00e4hrend der Schulferien. Au\u00dferhalb dieser Zeitr\u00e4ume werden auch t\u00e4gliche Einzel- und Gruppenkurse angeboten, die auf Ihr Alter und Ihr Niveau abgestimmt sind.<\/p>\n\n\n\n<h2 class=\"wp-block-heading\">Ihre Unterkunft f\u00fcr Ihren Surfurlaub im s\u00fcdlichen Finist\u00e8re<\/h2>\n\n\n\n<p>Unsere&nbsp;<strong>hostels in der Bretagne<\/strong>&nbsp;bieten Ihnen verschiedene Formen von komfortablen Unterk\u00fcnften, die sich Ihren W\u00fcnschen anpassen.<\/p>\n\n\n\n<p><strong>L'<a href=\"https:\/\/www.naeco.bzh\/fr\/hotel-camping-audierne.html\">hostel Na\u00e9co Audierne<\/a>&nbsp;<\/strong>bietet einen Hotel- &amp; Schlafsaalteil und einen Campingteil. Die Einrichtung ist ein echter Lebensraum, der sich der Natur \u00f6ffnet, und liegt inmitten eines kleinen Waldes, nur wenige Schritte vom Hafen von Audierne entfernt. Im Hostelbereich k\u00f6nnen Sie in einem unserer Einzelzimmer \u00fcbernachten oder ein Bett in einem unserer Schlafs\u00e4le buchen, wobei Sie Zugang zu unseren Gemeinschaftsr\u00e4umen zur Entspannung haben.<\/p>\n\n\n\n<p>Wenn Sie campen m\u00f6chten, k\u00f6nnen Sie Ihr Zelt oder Ihren Van auf einem unserer Stellpl\u00e4tze in unserem Park aufstellen oder Ihren Urlaub in einem unserer Lodge-Zelte oder in einem unserer<strong>&nbsp;<\/strong>Holzh\u00fctten.<\/p>\n\n\n\n<p><strong>L'<a href=\"https:\/\/www.naeco.bzh\/fr\/hotel-le-pouldu.html\">hotel Le Pouldu<\/a>,<\/strong>&nbsp;100 Meter vom Strand von K\u00e9rou entfernt, bietet Ihnen Zimmer mit allem Komfort, Betten in Schlafs\u00e4len sowie Zugang zu unseren gro\u00dfen Gemeinschaftsr\u00e4umen, in denen Sie w\u00e4hrend Ihres Aufenthalts gesellige Momente verbringen k\u00f6nnen.&nbsp;<strong>Surfaufenthalt in der Bretagne<\/strong>.<\/p>\n\n\n\n<p>Wenn Sie Ihr Projekt aufstellen m\u00f6chten&nbsp;<strong>Surfcamp in der Bretagne<\/strong>, Wenn Sie Fragen haben, z\u00f6gern Sie nicht, uns per E-Mail oder Telefon zu kontaktieren.<\/p>\n\n\n\n<p>E-Mail:&nbsp;<a href=\"mailto:contact@naeco.bzh\">contact@naeco.bzh<\/a><\/p>\n\n\n\n<p>Na\u00e9co Audierne :&nbsp;<a href=\"tel:02 98 74 95 06\">02 98 74 95 06<\/a><\/p>\n\n\n\n<p>Na\u00e9co Le Pouldu :&nbsp;<a href=\"tel:02 98 39 93 49\">02 98 39 93 49<\/a><\/p>","protected":false},"excerpt":{"rendered":"<p>Na\u00e9co Hostels empf\u00e4ngt Sie f\u00fcr Ihren Surfurlaub zwischen Natur und Ozean.<\/p>","protected":false},"author":9,"featured_media":2764,"comment_status":"closed","ping_status":"closed","sticky":false,"template":"","format":"standard","meta":{"inline_featured_image":false,"footnotes":""},"categories":[9],"tags":[],"class_list":["post-2756","post","type-post","status-publish","format-standard","has-post-thumbnail","hentry","category-blog"],"_links":{"self":[{"href":"https:\/\/www.naeco.bzh\/de\/wp-json\/wp\/v2\/posts\/2756","targetHints":{"allow":["GET"]}}],"collection":[{"href":"https:\/\/www.naeco.bzh\/de\/wp-json\/wp\/v2\/posts"}],"about":[{"href":"https:\/\/www.naeco.bzh\/de\/wp-json\/wp\/v2\/types\/post"}],"author":[{"embeddable":true,"href":"https:\/\/www.naeco.bzh\/de\/wp-json\/wp\/v2\/users\/9"}],"replies":[{"embeddable":true,"href":"https:\/\/www.naeco.bzh\/de\/wp-json\/wp\/v2\/comments?post=2756"}],"version-history":[{"count":2,"href":"https:\/\/www.naeco.bzh\/de\/wp-json\/wp\/v2\/posts\/2756\/revisions"}],"predecessor-version":[{"id":5176,"href":"https:\/\/www.naeco.bzh\/de\/wp-json\/wp\/v2\/posts\/2756\/revisions\/5176"}],"wp:featuredmedia":[{"embeddable":true,"href":"https:\/\/www.naeco.bzh\/de\/wp-json\/wp\/v2\/media\/2764"}],"wp:attachment":[{"href":"https:\/\/www.naeco.bzh\/de\/wp-json\/wp\/v2\/media?parent=2756"}],"wp:term":[{"taxonomy":"category","embeddable":true,"href":"https:\/\/www.naeco.bzh\/de\/wp-json\/wp\/v2\/categories?post=2756"},{"taxonomy":"post_tag","embeddable":true,"href":"https:\/\/www.naeco.bzh\/de\/wp-json\/wp\/v2\/tags?post=2756"}],"curies":[{"name":"wp","href":"https:\/\/api.w.org\/{rel}","templated":true}]}}