{"id":2458,"date":"2025-06-09T12:17:35","date_gmt":"2025-06-09T10:17:35","guid":{"rendered":"https:\/\/www.naeco.bzh\/?p=2458"},"modified":"2026-04-17T08:46:43","modified_gmt":"2026-04-17T06:46:43","slug":"ferienlager-und-adaptierte-aufenthalte-in-der-sudbretagne","status":"publish","type":"post","link":"https:\/\/www.naeco.bzh\/de\/ferienlager-und-adaptierte-aufenthalte-in-der-sudbretagne\/","title":{"rendered":"Ferienlager und angepasste Aufenthalte in der S\u00fcdbretagne"},"content":{"rendered":"<p><strong>Organisieren Sie einen Gruppenaufenthalt inmitten der bretonischen Natur! Na\u00e9co Hostels bietet umweltvertr\u00e4gliche, integrative und gesellige Unterk\u00fcnfte, die sich perfekt f\u00fcr Ferienlager, angepasste Aufenthalte, Schulausfl\u00fcge... eignen.<\/strong><\/p>\n\n\n\n<h2 class=\"wp-block-heading\">Was ist Na\u00e9co Hostels?<\/h2>\n\n\n\n<p><a href=\"https:\/\/www.naeco.bzh\/de\/\">Naeco<\/a>Kontraktion von&nbsp;<em>Natur<\/em>&nbsp;und&nbsp;<em>\u00d6kologische Verantwortung<\/em>ist ein Konzept f\u00fcr Touristen- und Gruppenunterk\u00fcnfte in der s\u00fcdlichen Bretagne, das Mensch und Natur in den Mittelpunkt stellt. Mit Standorten in Erdeven, Audierne und Le Pouldu beherbergt Na\u00e9co Hostels&nbsp;<a href=\"https:\/\/www.naeco.bzh\/fr\/hotels-morbihan.html\">Schulgruppen<\/a>Die&nbsp;<strong>Ferienkolonien<\/strong>Die&nbsp;<strong>angepasste Aufenthalte<\/strong>Sie k\u00f6nnen aber auch von Wanderern, Familien oder Unternehmen besucht werden, die sich f\u00fcr Einfachheit, Gemeinsamkeit und \u00f6kologisches Engagement einsetzen.<\/p>\n\n\n\n<p>Bei Na\u00e9co Hostels ist jeder Standort so konzipiert, dass er Begegnungen, das Eintauchen in die Natur und gl\u00fcckliche Gen\u00fcgsamkeit f\u00f6rdert:\u00a0<a href=\"https:\/\/www.naeco.bzh\/de\/schlafen\/\">Schlafs\u00e4le oder Zimmer<\/a>Die Sch\u00fclerinnen und Sch\u00fcler haben die M\u00f6glichkeit, sich mit anderen Sch\u00fclerinnen und Sch\u00fclern zu treffen, zu kochen, zu essen und zu trinken, gem\u00fctliche Gemeinschaftsr\u00e4ume, G\u00e4rten, Gem\u00fcseg\u00e4rten und Entspannungsbereiche zu nutzen.<\/p>\n\n\n\n<p>L'<a href=\"https:\/\/www.naeco.bzh\/fr\/association-naeco-responsable-hotels-en-bretagne.html\">Verein Na\u00e9co<\/a>&nbsp;tr\u00e4gt einen verantwortungsbewussten Ansatz: Auswahl lokaler Partner, nachhaltiges Management, Achtung der biologischen Vielfalt und Beteiligung an sozialen und solidarischen Projekten.<\/p>\n\n\n\n<h2 class=\"wp-block-heading\">Warum sollte man Na\u00e9co f\u00fcr ein Sommercamp in der Bretagne oder einen angepassten Aufenthalt Morbihan w\u00e4hlen?<\/h2>\n\n\n\n<p>Na\u00e9co ist der ideale Partner f\u00fcr die Organisation einer&nbsp;<strong>Sommercamp in der Bretagne<\/strong>&nbsp;oder ein&nbsp;<strong>angepasster Aufenthalt in Morbihan<\/strong>&nbsp;oder Finist\u00e8re. Die Einrichtungen sind f\u00fcr den Empfang von Gruppen gedacht mit :<\/p>\n\n\n\n<ul class=\"wp-block-list\">\n<li>Von&nbsp;<strong>modulare Unterk\u00fcnfte<\/strong>&nbsp;und zug\u00e4nglich (PMR),<\/li>\n\n\n\n<li>Von\u00a0<a href=\"https:\/\/www.naeco.bzh\/de\/lebensorte\/\">benutzerfreundliche und sichere R\u00e4ume<\/a>,<\/li>\n\n\n\n<li>Eine&nbsp;<strong>gemeinsames Kochen<\/strong>&nbsp;f\u00fcr eine freie Gestaltung der Mahlzeiten oder eine&nbsp;<strong>Halbpensionsformel<\/strong>&nbsp;mit lokalen Partnern (wie&nbsp;<em>La Casa Ria<\/em>&nbsp;in Erdeven),<\/li>\n\n\n\n<li>Von&nbsp;<a href=\"https:\/\/www.naeco.bzh\/fr\/blog-naeco\/i\/blog\/vos-randonnees-chez-naeco-hostels-decouvrez-nos-roadbooks.html\">Wanderroadbooks<\/a>&nbsp;zur Verf\u00fcgung gestellt, um die Umgebung selbstst\u00e4ndig zu erkunden,<\/li>\n<\/ul>\n\n\n\n<p>Na\u00e9co wertet den&nbsp;<strong>inklusiver Bildungsaufenthalt<\/strong>Es ist ein Ort, an dem sich jeder in seinem eigenen Tempo weiterentwickeln kann.<\/p>\n\n\n\n<h3 class=\"wp-block-heading\">Erdeven: zwischen Ozean, D\u00fcnen und Megalithen im Morbihan<\/h3>\n\n\n\n<p>Na\u00e9co Erdeven liegt nur wenige Schritte von den Str\u00e4nden von Kerhillio und dem D\u00fcnenmassiv entfernt und ist ideal f\u00fcr eine&nbsp;<strong>Sommercamp in der S\u00fcdbretagne<\/strong>&nbsp;sportorientiert, entdeckungsorientiert und umweltbewusst.<\/p>\n\n\n\n<p>M\u00f6gliche Aktivit\u00e4ten in der Umgebung von Na\u00e9co Erdeven :<\/p>\n\n\n\n<ul class=\"wp-block-list\">\n<li>Natur- und Gro\u00dfspiele im gro\u00dfen Garten der Unterkunft (mit Spielplatz, Gem\u00fcsegarten, Bienenst\u00f6cken, H\u00fchnerstall),<\/li>\n\n\n\n<li>Wanderungen auf markierten Wanderwegen, die von Naeco-Roadbooks gef\u00fchrt werden,<\/li>\n\n\n\n<li>Besuch der&nbsp;<a href=\"https:\/\/www.baiedequiberon.bzh\/decouvrez-les-megalithes-d-erdeven\" target=\"_blank\" rel=\"noreferrer noopener nofollow\">Alignements von Kerzerho<\/a>&nbsp;(Verl\u00e4ngerung der Megalithen von Carnac),<\/li>\n\n\n\n<li>Strandausfl\u00fcge, beaufsichtigtes Baden oder Beach Games in Kerhillio,<\/li>\n\n\n\n<li>Strandsegeln, Surfen oder Paddeln mit den \u00f6rtlichen Wassersportschulen,<\/li>\n\n\n\n<li>Entdeckung der Ria d'\u00c9tel, Bootsfahrt oder Vogelbeobachtung,<\/li>\n\n\n\n<li>Null-Abfall-Workshop, Sensibilisierung f\u00fcr Kompost, M\u00fclltrennung, Land Art oder Insektenbeobachtung.<\/li>\n<\/ul>\n\n\n\n<p>Die Gruppen k\u00f6nnen vor Ort kochen oder sich f\u00fcr Halbpension mit dem Partnerrestaurant La Casa Ria entscheiden, das hausgemachte, ausgewogene und lokale Mahlzeiten anbietet, die perfekt auf die Kinder und Betreuer abgestimmt sind.<\/p>\n\n\n\n<h3 class=\"wp-block-heading\">Audierne: Eintauchen ins Meer und kulturelles Erbe im S\u00fcd-Finist\u00e8re<\/h3>\n\n\n\n<p>Nur wenige Meter vom Hafen entfernt ist Na\u00e9co Audierne eine ideale Basis f\u00fcr eine&nbsp;<strong>Sommercamp in der Bretagne<\/strong>&nbsp;oder ein&nbsp;<strong>inklusiver Bildungsaufenthalt<\/strong>&nbsp;die auf das Meer, die Fischerei und die bretonische Kultur ausgerichtet ist.<\/p>\n\n\n\n<p>Aktivit\u00e4ten im Ferienlager rund um Na\u00e9co Audierne :<\/p>\n\n\n\n<ul class=\"wp-block-list\">\n<li>Wanderungen auf dem GR34, Klippen und wilde Buchten,<\/li>\n\n\n\n<li>Angeln zu Fu\u00df, Entdeckung der Gezeiten und der Meeresfauna,<\/li>\n\n\n\n<li>Ausfl\u00fcge mit dem Kajak oder Paddle im Hafen von Audierne,<\/li>\n\n\n\n<li>Besuchen Sie den Museumshafen in Douarnenez oder die Cit\u00e9 de la p\u00eache in \u00c9tel,<\/li>\n\n\n\n<li>Tag \u00fcber die<a href=\"https:\/\/pennarbed.breizhgo.bzh\/iles-bretonnes\/ile-de-sein\/\" target=\"_blank\" rel=\"noreferrer noopener nofollow\">\u00cele de Sein<\/a>&nbsp;von Sainte-\u00c9vette aus,<\/li>\n\n\n\n<li>Kreative Workshops mit Kieselsteinen, Muscheln oder nat\u00fcrlichen Elementen,<\/li>\n\n\n\n<li>M\u00e4rchenabende und bretonische Nachtwachen.<\/li>\n<\/ul>\n\n\n\n<p>Die Unterkunft in Audierne verf\u00fcgt \u00fcber gem\u00fctliche Gemeinschaftsr\u00e4ume, einen Au\u00dfenhof und Zimmer, die so aufgeteilt sind, dass ruhige Zeiten und Sicherheit gef\u00f6rdert werden.<\/p>\n\n\n\n<h3 class=\"wp-block-heading\">Le Pouldu: zwischen friedlichen Str\u00e4nden und magischem Wald im s\u00fcdlichen Finist\u00e8re<\/h3>\n\n\n\n<p>Na\u00e9co Le Pouldu in der Gemeinde Clohars-Carno\u00ebt ist ein perfekter nat\u00fcrlicher Kokon f\u00fcr Gruppen auf der Suche nach Ruhe, sanften Aktivit\u00e4ten und k\u00fcnstlerischer Erkundung.<\/p>\n\n\n\n<p>Aktivit\u00e4ten in der Umgebung von Na\u00e9co Le Pouldu :<\/p>\n\n\n\n<ul class=\"wp-block-list\">\n<li>Sinnesspazierg\u00e4nge im Wald von Toulfo\u00ebn,<\/li>\n\n\n\n<li>Erkundungsspiele an den Str\u00e4nden von Bas Pouldu und Bellangen\u00eat,<\/li>\n\n\n\n<li>Land-Art-Workshop oder nat\u00fcrliche Fresken,<\/li>\n\n\n\n<li>Besuch des Maison-Mus\u00e9e Gauguin, f\u00fcr ein inspirierendes Kunstprojekt,<\/li>\n\n\n\n<li>Mini-Wanderungen auf dem&nbsp;<a href=\"https:\/\/www.mongr.fr\/trouver-prochaine-randonnee\/itineraire\/gr-34-le-plus-maritime-des-sentiers-de-grande-randonnee\" target=\"_blank\" rel=\"noreferrer noopener nofollow\">GR34-Pfad<\/a>&nbsp;um die einheimische Tierwelt zu beobachten,<\/li>\n\n\n\n<li>M\u00e4rchen, Yoga im Freien oder gef\u00fchrte Meditation bei angepassten Aufenthalten<\/li>\n<\/ul>\n\n\n\n<p>Le Pouldu ist ideal f\u00fcr IMEs, Trennungsaufenthalte oder kleine Gruppen, die von einer friedlichen, herzlichen und \u00fcberschaubaren Umgebung profitieren m\u00f6chten.<\/p>\n\n\n\n<h2 class=\"wp-block-heading\">Inklusive und verantwortungsvolle Bildungsaufenthalte: die DNA von Na\u00e9co<\/h2>\n\n\n\n<p>Na\u00e9co engagiert sich in einer&nbsp;<strong>inklusiver und \u00f6kologisch verantwortlicher Ansatz<\/strong>&nbsp;:<\/p>\n\n\n\n<ul class=\"wp-block-list\">\n<li>Empfang von Gruppen mit Behinderungen (motorisch, sensorisch, psychisch),<\/li>\n\n\n\n<li>Respektierung des Rhythmus jedes Einzelnen mit angepassten R\u00e4umen und Personal, das zuh\u00f6rt,<\/li>\n\n\n\n<li>P\u00e4dagogische, sanfte oder sportliche Aktivit\u00e4ten je nach Niveau,<\/li>\n\n\n\n<li><a href=\"https:\/\/www.naeco.bzh\/fr\/blog-naeco\/i\/blog\/decouvrez-nos-engagements-et-notre-charte-naeco-responsables.html\">\u00d6kologischer Ansatz<\/a>&nbsp;stark: Kompost, sanfte Energien, lokale Partnerschaften.<\/li>\n<\/ul>\n\n\n\n<p>Wenn Sie sich f\u00fcr Na\u00e9co entscheiden, garantieren Sie eine&nbsp;<strong>angepasster Aufenthalt in Morbihan<\/strong>&nbsp;oder Finist\u00e8re, das f\u00fcr das Wohlbefinden aller gedacht ist und in einer au\u00dfergew\u00f6hnlichen nat\u00fcrlichen Umgebung liegt.<\/p>\n\n\n\n<h3 class=\"wp-block-heading\">Na\u00e9co, die ideale L\u00f6sung f\u00fcr Ihre inklusiven Bildungsaufenthalte in der Bretagne<\/h3>\n\n\n\n<p>Na\u00e9co bietet ein einzigartiges Angebot in&nbsp;<strong>gruppenunterkunft Bretagne Sud<\/strong>an den Standorten Erdeven, Audierne und Le Pouldu. Jeder bietet eine sichere nat\u00fcrliche Umgebung, vielf\u00e4ltige Aktivit\u00e4ten in der freien Natur, starke Werte und eine flexible Logistik, um die Bed\u00fcrfnisse der&nbsp;<strong>Ferienlager in der Bretagne<\/strong>&nbsp;und&nbsp;<strong>angepasste Aufenthalte in S\u00fcd-Finist\u00e8re<\/strong>.<\/p>\n\n\n\n<p>Die Na\u00e9co-Teams begleiten Sie beim Aufbau eines ma\u00dfgeschneiderten Projekts, das Bildung, Spa\u00df und Natur miteinander verbindet.<\/p>\n\n\n\n<p><strong>Lust, Ihr Aufenthaltsprojekt vorzubereiten?<\/strong><\/p>\n\n\n\n<p>Kontaktieren Sie schnell Na\u00e9co Hostels<\/p>\n\n\n\n<p>Die S\u00fcdbretagne empf\u00e4ngt Sie f\u00fcr einen erfolgreichen angepassten Aufenthalt oder ein Ferienlager!<\/p>","protected":false},"excerpt":{"rendered":"<p>Organisieren Sie einen Gruppenaufenthalt inmitten der bretonischen Natur! Na\u00e9co Hostels bietet umweltvertr\u00e4gliche, integrative und gesellige Unterk\u00fcnfte, die sich perfekt f\u00fcr Ferienlager, angepasste Aufenthalte, Schulausfl\u00fcge... eignen.<\/p>","protected":false},"author":9,"featured_media":2463,"comment_status":"closed","ping_status":"closed","sticky":false,"template":"","format":"standard","meta":{"inline_featured_image":false,"footnotes":""},"categories":[9],"tags":[],"class_list":["post-2458","post","type-post","status-publish","format-standard","has-post-thumbnail","hentry","category-blog"],"_links":{"self":[{"href":"https:\/\/www.naeco.bzh\/de\/wp-json\/wp\/v2\/posts\/2458","targetHints":{"allow":["GET"]}}],"collection":[{"href":"https:\/\/www.naeco.bzh\/de\/wp-json\/wp\/v2\/posts"}],"about":[{"href":"https:\/\/www.naeco.bzh\/de\/wp-json\/wp\/v2\/types\/post"}],"author":[{"embeddable":true,"href":"https:\/\/www.naeco.bzh\/de\/wp-json\/wp\/v2\/users\/9"}],"replies":[{"embeddable":true,"href":"https:\/\/www.naeco.bzh\/de\/wp-json\/wp\/v2\/comments?post=2458"}],"version-history":[{"count":3,"href":"https:\/\/www.naeco.bzh\/de\/wp-json\/wp\/v2\/posts\/2458\/revisions"}],"predecessor-version":[{"id":5226,"href":"https:\/\/www.naeco.bzh\/de\/wp-json\/wp\/v2\/posts\/2458\/revisions\/5226"}],"wp:featuredmedia":[{"embeddable":true,"href":"https:\/\/www.naeco.bzh\/de\/wp-json\/wp\/v2\/media\/2463"}],"wp:attachment":[{"href":"https:\/\/www.naeco.bzh\/de\/wp-json\/wp\/v2\/media?parent=2458"}],"wp:term":[{"taxonomy":"category","embeddable":true,"href":"https:\/\/www.naeco.bzh\/de\/wp-json\/wp\/v2\/categories?post=2458"},{"taxonomy":"post_tag","embeddable":true,"href":"https:\/\/www.naeco.bzh\/de\/wp-json\/wp\/v2\/tags?post=2458"}],"curies":[{"name":"wp","href":"https:\/\/api.w.org\/{rel}","templated":true}]}}